{"id":2110,"date":"2026-06-11T01:10:47","date_gmt":"2026-06-11T01:10:47","guid":{"rendered":"https:\/\/songyehairtools.com\/blog\/choose-the-right-salon-hair-dryer-for-your-needs\/"},"modified":"2026-06-11T01:10:47","modified_gmt":"2026-06-11T01:10:47","slug":"choose-the-right-salon-hair-dryer-for-your-needs","status":"publish","type":"post","link":"https:\/\/songyehairtools.com\/pt\/blog\/choose-the-right-salon-hair-dryer-for-your-needs\/","title":{"rendered":"Como escolher o secador de cabelo profissional mais adequado \u00e0s suas necessidades"},"content":{"rendered":"<figure class=\"wp-block-image aligncenter size-large\"><img fetchpriority=\"high\" decoding=\"async\" width=\"1200\" height=\"675\" src=\"https:\/\/songyehairtools.com\/wp-content\/uploads\/2026\/06\/7b7f92cb155640208c59b051406523bc.webp\" alt=\"Como escolher o secador de cabelo profissional mais adequado \u00e0s suas necessidades\" class=\"wp-image-2104\" title=\"\" srcset=\"https:\/\/songyehairtools.com\/wp-content\/uploads\/2026\/06\/7b7f92cb155640208c59b051406523bc.webp 1200w, https:\/\/songyehairtools.com\/wp-content\/uploads\/2026\/06\/7b7f92cb155640208c59b051406523bc-300x169.webp 300w, https:\/\/songyehairtools.com\/wp-content\/uploads\/2026\/06\/7b7f92cb155640208c59b051406523bc-1024x576.webp 1024w, https:\/\/songyehairtools.com\/wp-content\/uploads\/2026\/06\/7b7f92cb155640208c59b051406523bc-768x432.webp 768w, https:\/\/songyehairtools.com\/wp-content\/uploads\/2026\/06\/7b7f92cb155640208c59b051406523bc-18x10.webp 18w, https:\/\/songyehairtools.com\/wp-content\/uploads\/2026\/06\/7b7f92cb155640208c59b051406523bc-600x338.webp 600w\" sizes=\"(max-width: 1200px) 100vw, 1200px\" \/><\/figure>\n\n\n\n<p>O fator mais importante na escolha do secador de cabelo certo para cada pessoa consiste em adequar o aparelho ao seu tipo de cabelo espec\u00edfico e ao resultado de penteado pretendido. Estudos do setor revelam que a escolha de um secador com funcionalidades adaptadas a cabelos finos ou grossos pode influenciar significativamente o volume, a redu\u00e7\u00e3o do frizz e o acabamento geral. Por exemplo, um <a href=\"https:\/\/songyehairtools.com\/pt\/categoria-produto\/secador-de-cabelo-bldc\/\">Secador de cabelo BLDC<\/a> oferece um controlo leve para cabelos finos, enquanto um <a href=\"https:\/\/songyehairtools.com\/pt\/categoria-produto\/secador-de-cabelo-ac\/\">Secador de cabelo AC<\/a> proporciona um fluxo de ar potente para cabelos grossos. Os profissionais recomendam consultar um profissional de confian\u00e7a <a href=\"https:\/\/songyehairtools.com\/pt\/\">fabricante de secadores de cabelo<\/a> ou <a href=\"https:\/\/songyehairtools.com\/pt\/perfil-da-empresa\/\">f\u00e1brica de secadores de cabelo<\/a> para garantir a qualidade e o desempenho. <a href=\"https:\/\/songyehairtools.com\/pt\/blog\/secadores-de-cabelo-recomendados-por-estilistas-profissionais\/\" rel=\"nofollow\">A tabela abaixo mostra<\/a> Como as diferentes funcionalidades do secador influenciam os resultados do penteado:<\/p>\n\n\n\n<figure class=\"wp-block-table\">\n<table class=\"has-fixed-layout\">\n\n<thead>\n<tr><th>Tipo de Cabelo<\/th><th>Caracter\u00edsticas recomendadas para secadores<\/th><th>Impacto nos resultados do penteado<\/th><\/tr>\n<\/thead>\n<tbody>\n<tr><td>Cabelo Fino<\/td><td>V\u00e1rias configura\u00e7\u00f5es de temperatura, design leve<\/td><td>D\u00e1 volume sem danificar o cabelo, previne a quebra e permite uma maior maleabilidade.<\/td><\/tr>\n<tr><td>Cabelos Grossos<\/td><td>Alta pot\u00eancia (mais de 1800 watts), fluxo de ar potente<\/td><td>Secagem eficiente, reduz o frizz e proporciona um acabamento suave em menos tempo.<\/td><\/tr>\n<tr><td>Todos os Tipos de Cabelo<\/td><td>M\u00faltiplas configura\u00e7\u00f5es de calor e velocidade<\/td><td>Os alfaiates adaptam o processo de secagem para obter os melhores resultados, minimizando os danos.<\/td><\/tr>\n<\/tbody>\n\n<\/table>\n<\/figure>\n\n\n\n<h2 class=\"wp-block-heading\" >Escolha o secador de cabelo profissional certo: fatores essenciais<\/h2>\n\n\n\n<p>Selecionar o <a href=\"https:\/\/songyehairtools.com\/pt\/blog\/top-salon-hair-dryer-brands-and-models-professional-comparison\/\">o melhor secador de cabelo para uso em sal\u00f5es de beleza<\/a> exige uma avalia\u00e7\u00e3o cuidadosa de v\u00e1rios fatores essenciais. Os profissionais que pretendem escolher o secador de sal\u00e3o adequado devem ter em conta o desempenho, a fiabilidade, o conforto, a facilidade de utiliza\u00e7\u00e3o, o pre\u00e7o e a rela\u00e7\u00e3o qualidade-pre\u00e7o. Cada um destes elementos tem um impacto direto no fluxo de trabalho di\u00e1rio e na satisfa\u00e7\u00e3o a longo prazo.<\/p>\n\n\n\n<h3 class=\"wp-block-heading\" >Desempenho e fiabilidade<\/h3>\n\n\n\n<h4 class=\"wp-block-heading\" >Pot\u00eancia e consumo el\u00e9trico<\/h4>\n\n\n\n<p>A pot\u00eancia e a intensidade determinam a efici\u00eancia de um secador de cabelo num ambiente de sal\u00e3o. Os secadores profissionais oferecem normalmente uma pot\u00eancia entre 1600 e 2000 watts, enquanto os modelos padr\u00e3o variam entre 1200 e 1600 watts. Uma pot\u00eancia mais elevada produz um fluxo de ar mais forte, o que reduz o tempo de secagem e melhora os resultados do penteado. A tabela abaixo compara os principais indicadores de desempenho entre secadores profissionais e padr\u00e3o:<\/p>\n\n\n\n<figure class=\"wp-block-table\">\n<table class=\"has-fixed-layout\">\n\n<thead>\n<tr><th>Caracter\u00edstica<\/th><th>Secador profissional<\/th><th>Secador Padr\u00e3o<\/th><\/tr>\n<\/thead>\n<tbody>\n<tr><td>Pot\u00eancia<\/td><td>1600-2000 W<\/td><td>1200-1600 W<\/td><\/tr>\n<tr><td>Fluxo de Ar<\/td><td>Alto<\/td><td>Curva de Aprendizado<\/td><\/tr>\n<tr><td>Tecnologia<\/td><td>I\u00f4nico, Cer\u00e2mica<\/td><td>B\u00e1sico<\/td><\/tr>\n<tr><td>Acess\u00f3rios<\/td><td>M\u00faltiplas<\/td><td>Poucos<\/td><\/tr>\n<tr><td>Tempo de Secagem<\/td><td>R\u00e1pida<\/td><td>Lento<\/td><\/tr>\n<\/tbody>\n\n<\/table>\n<\/figure>\n\n\n\n<p>Os cabeleireiros que escolhem o secador de sal\u00e3o certo, dotado de tecnologia avan\u00e7ada, como fun\u00e7\u00f5es i\u00f4nicas ou cer\u00e2micas, conseguem frequentemente um acabamento mais suave e menos frizz.<\/p>\n\n\n\n<h4 class=\"wp-block-heading\" >Durabilidade e Qualidade de Constru\u00e7\u00e3o<\/h4>\n\n\n\n<p>A durabilidade garante que um secador resista \u00e0s exig\u00eancias do uso di\u00e1rio num sal\u00e3o de beleza. As principais marcas obt\u00eam consistentemente pontua\u00e7\u00f5es elevadas em termos de fiabilidade e avalia\u00e7\u00f5es dos utilizadores. A tabela seguinte apresenta uma compara\u00e7\u00e3o entre as marcas l\u00edderes:<\/p>\n\n\n\n<figure class=\"wp-block-table\">\n<table class=\"has-fixed-layout\">\n\n<thead>\n<tr><th>Marca<\/th><th><a href=\"https:\/\/songyehairtools.com\/pt\/blog\/classificacao-das-marcas-de-secadores-de-cabelo-mais-confiaveis-em-durabilidade-e-valor\/\" rel=\"nofollow\">Pontua\u00e7\u00e3o de Fiabilidade (em 10)<\/a><\/th><th>Avalia\u00e7\u00e3o M\u00e9dia do Usu\u00e1rio (de 5)<\/th><\/tr>\n<\/thead>\n<tbody>\n<tr><td>Dyson<\/td><td>9.8<\/td><td>4.8<\/td><\/tr>\n<tr><td>L\u2019Or\u00e9al Professionnel<\/td><td>9.5<\/td><td>4.7<\/td><\/tr>\n<tr><td>Shark<\/td><td>9.2<\/td><td>4.6<\/td><\/tr>\n<tr><td>BaBylissPRO<\/td><td>9.0<\/td><td>4.5<\/td><\/tr>\n<tr><td>Rusk<\/td><td>8.5<\/td><td>4.4<\/td><\/tr>\n<tr><td>Conair<\/td><td>8.7<\/td><td>4.3<\/td><\/tr>\n<tr><td>Remington<\/td><td>8.2<\/td><td>4.2<\/td><\/tr>\n<tr><td>Laifen<\/td><td>7.9<\/td><td>4.1<\/td><\/tr>\n<\/tbody>\n\n<\/table>\n<\/figure>\n\n\n\n<figure class=\"wp-block-image aligncenter size-large\"><img decoding=\"async\" width=\"1024\" height=\"768\" src=\"https:\/\/songyehairtools.com\/wp-content\/uploads\/2026\/06\/chart_1781139941413039225.webp\" alt=\"Gr\u00e1fico de barras que compara os \u00edndices de fiabilidade das principais marcas de secadores de cabelo para sal\u00f5es\" class=\"wp-image-2105\" title=\"\" srcset=\"https:\/\/songyehairtools.com\/wp-content\/uploads\/2026\/06\/chart_1781139941413039225.webp 1024w, https:\/\/songyehairtools.com\/wp-content\/uploads\/2026\/06\/chart_1781139941413039225-300x225.webp 300w, https:\/\/songyehairtools.com\/wp-content\/uploads\/2026\/06\/chart_1781139941413039225-768x576.webp 768w, https:\/\/songyehairtools.com\/wp-content\/uploads\/2026\/06\/chart_1781139941413039225-16x12.webp 16w, https:\/\/songyehairtools.com\/wp-content\/uploads\/2026\/06\/chart_1781139941413039225-600x450.webp 600w\" sizes=\"(max-width: 1024px) 100vw, 1024px\" \/><\/figure>\n\n\n\n<p>Uma pontua\u00e7\u00e3o elevada em termos de fiabilidade reflete um desempenho consistente e menos avarias, o que \u00e9 essencial para sal\u00f5es com grande aflu\u00eancia.<\/p>\n\n\n\n<h3 class=\"wp-block-heading\" >Conforto e facilidade de utiliza\u00e7\u00e3o<\/h3>\n\n\n\n<h4 class=\"wp-block-heading\" >Peso e Ergonomia<\/h4>\n\n\n\n<p>O conforto desempenha um papel fundamental nas opera\u00e7\u00f5es di\u00e1rias do sal\u00e3o. Os secadores leves reduzem a fadiga do bra\u00e7o e do pulso, especialmente durante sess\u00f5es de penteados prolongadas. As caracter\u00edsticas ergon\u00f3micas recomendadas pelos cabeleireiros incluem:<\/p>\n\n\n\n<ul class=\"wp-block-list\">\n\n<li>Constru\u00e7\u00e3o leve para reduzir o esfor\u00e7o.<\/li>\n<li>Design equilibrado, frequentemente com o motor na pega, para um melhor controlo.<\/li>\n<li>Pegas ergon\u00f3micas que permitem uma pegada natural e uma posi\u00e7\u00e3o neutra do pulso.<\/li>\n\n<\/ul>\n\n\n\n<p>Estudos sobre sa\u00fade no trabalho demonstram que uma <a href=\"https:\/\/www.mintprotools.com\/press-articles\/a-better-grip-on-beauty-why-ergonomics-should-lead-tool-design\/\" rel=\"nofollow noopener\" target=\"_blank\">distribui\u00e7\u00e3o do peso<\/a> e a for\u00e7a de preens\u00e3o afetam diretamente o conforto e o risco de les\u00f5es. A tabela abaixo resume estas conclus\u00f5es:<\/p>\n\n\n\n<figure class=\"wp-block-table\">\n<table class=\"has-fixed-layout\">\n\n<thead>\n<tr><th>**Aspecto**<\/th><th>Descri\u00e7\u00e3o<\/th><\/tr>\n<\/thead>\n<tbody>\n<tr><td>Distribui\u00e7\u00e3o do peso<\/td><td>Ferramentas devidamente equilibradas permitem que a m\u00e3o permane\u00e7a numa posi\u00e7\u00e3o neutra, reduzindo a tens\u00e3o muscular.<\/td><\/tr>\n<tr><td>For\u00e7a de ader\u00eancia<\/td><td>A for\u00e7a de preens\u00e3o necess\u00e1ria para controlar uma ferramenta est\u00e1 relacionada com o risco de fadiga e les\u00f5es.<\/td><\/tr>\n<tr><td>Feedback dos Usu\u00e1rios<\/td><td>Os cabeleireiros referem melhorias no conforto e na resist\u00eancia com o uso de ferramentas ergon\u00f3micas, o que aumenta a efici\u00eancia no trabalho.<\/td><\/tr>\n<\/tbody>\n\n<\/table>\n<\/figure>\n\n\n\n<blockquote class=\"wp-block-quote is-layout-flow wp-block-quote-is-layout-flow\">\n<p>Dica: Quando os estilistas <a href=\"https:\/\/songyehairtools.com\/pt\/blog\/guia-para-escolher-o-secador-de-cabelo-ideal-para-suas-necessidades\/\">Escolha o secador de sal\u00e3o certo<\/a>, devem testar o peso e o design da pega para garantir o conforto durante uma utiliza\u00e7\u00e3o prolongada.<\/p>\n<\/blockquote>\n\n\n\n<h4 class=\"wp-block-heading\" >Comprimento e Flexibilidade do Cabo<\/h4>\n\n\n\n<p>O comprimento e a flexibilidade do cabo influenciam a mobilidade e a comodidade. Um cabo mais comprido e girat\u00f3rio permite que os cabeleireiros se movimentem livremente \u00e0 volta dos clientes, sem que o cabo se enrole ou cause restri\u00e7\u00f5es. Muitos secadores profissionais t\u00eam cabos com pelo menos 2,7 metros, o que contribui para um fluxo de trabalho eficiente em ambientes movimentados.<\/p>\n\n\n\n<h3 class=\"wp-block-heading\" >Pre\u00e7o e Valor<\/h3>\n\n\n\n<h4 class=\"wp-block-heading\" >Uso profissional vs. uso dom\u00e9stico<\/h4>\n\n\n\n<p>O pre\u00e7o de um secador de cabelo de sal\u00e3o reflete a sua finalidade, tecnologia e durabilidade. Os modelos profissionais s\u00e3o mais caros, mas oferecem um desempenho superior e maior durabilidade. As tabelas abaixo comparam as faixas de pre\u00e7o e as principais caracter\u00edsticas:<\/p>\n\n\n\n<figure class=\"wp-block-table\">\n<table class=\"has-fixed-layout\">\n\n<thead>\n<tr><th>Faixa de Pre\u00e7o<\/th><th>Exemplos<\/th><th>Caracter\u00edsticas Principais<\/th><\/tr>\n<\/thead>\n<tbody>\n<tr><td>Faixa premium (R$ 300+)<\/td><td>Dyson Supersonic, Babyliss de alta gama<\/td><td>Designs inovadores, tecnologia de ponta, materiais premium.<\/td><\/tr>\n<tr><td>Gama m\u00e9dia (R$ 150-300)<\/td><td>Modelos profissionais Parlux, ghd<\/td><td>Excelente desempenho e durabilidade, bom custo-benef\u00edcio para estilistas profissionais.<\/td><\/tr>\n<tr><td>Profissional acess\u00edvel (R$ 80-150)<\/td><td>Modelos Mera Bi-Ionic, marcas de sal\u00e3o de entrada de gama<\/td><td>Funcionalidades de n\u00edvel profissional a pre\u00e7os acess\u00edveis, focadas no desempenho essencial.<\/td><\/tr>\n<\/tbody>\n\n<\/table>\n<\/figure>\n\n\n\n<figure class=\"wp-block-table\">\n<table class=\"has-fixed-layout\">\n\n<thead>\n<tr><th>Caracter\u00edstica<\/th><th>Secadores de Cabelo de Grau Sal\u00e3o<\/th><th>Secadores de Cabelo para Uso Dom\u00e9stico<\/th><\/tr>\n<\/thead>\n<tbody>\n<tr><td>Pot\u00eancia<\/td><td>1800\u20132500W<\/td><td>800\u20131600W<\/td><\/tr>\n<tr><td>Tipo de Motor<\/td><td>BLDC<\/td><td>CA (Corrente Alternada)<\/td><\/tr>\n<tr><td>Velocidade de Secagem<\/td><td>Mais R\u00e1pido<\/td><td>Mais Devagar<\/td><\/tr>\n<tr><td>Redu\u00e7\u00e3o de Frizz<\/td><td>Melhor<\/td><td>Curva de Aprendizado<\/td><\/tr>\n<tr><td>Durabilidade<\/td><td>Alto<\/td><td>Curva de Aprendizado<\/td><\/tr>\n<tr><td>Pre\u00e7o<\/td><td>Maior<\/td><td>Menor<\/td><\/tr>\n<tr><td>Uso Pretendido<\/td><td>Profissional<\/td><td>Pessoal<\/td><\/tr>\n<\/tbody>\n\n<\/table>\n<\/figure>\n\n\n\n<p>Os cabeleireiros que escolhem o secador de sal\u00e3o adequado da gama profissional beneficiam de uma secagem mais r\u00e1pida, de um melhor controlo do frizz e de um equipamento mais duradouro.<\/p>\n\n\n\n<h4 class=\"wp-block-heading\" >Garantia e assist\u00eancia<\/h4>\n\n\n\n<p>A dura\u00e7\u00e3o da garantia e o apoio ao cliente acrescentam valor ao investimento num secador de cabelo para sal\u00e3o. As marcas l\u00edderes oferecem garantias que variam entre um e quatro anos. O quadro seguinte compara os per\u00edodos de garantia habituais:<\/p>\n\n\n\n<figure class=\"wp-block-image aligncenter size-large\"><img decoding=\"async\" width=\"1024\" height=\"768\" src=\"https:\/\/songyehairtools.com\/wp-content\/uploads\/2026\/06\/chart_1781139940393933698.webp\" alt=\"Gr\u00e1fico de barras que compara a dura\u00e7\u00e3o da garantia das principais marcas de secadores de cabelo para sal\u00f5es de beleza\" class=\"wp-image-2106\" title=\"\" srcset=\"https:\/\/songyehairtools.com\/wp-content\/uploads\/2026\/06\/chart_1781139940393933698.webp 1024w, https:\/\/songyehairtools.com\/wp-content\/uploads\/2026\/06\/chart_1781139940393933698-300x225.webp 300w, https:\/\/songyehairtools.com\/wp-content\/uploads\/2026\/06\/chart_1781139940393933698-768x576.webp 768w, https:\/\/songyehairtools.com\/wp-content\/uploads\/2026\/06\/chart_1781139940393933698-16x12.webp 16w, https:\/\/songyehairtools.com\/wp-content\/uploads\/2026\/06\/chart_1781139940393933698-600x450.webp 600w\" sizes=\"(max-width: 1024px) 100vw, 1024px\" \/><\/figure>\n\n\n\n<p>Marcas como a BaBylissPRO oferecem garantias de at\u00e9 quatro anos, enquanto outras, como a Dyson e a L\u2019Or\u00e9al Professionnel, oferecem garantias de dois anos. Um servi\u00e7o de apoio ao cliente fi\u00e1vel garante a resolu\u00e7\u00e3o r\u00e1pida de problemas, o que \u00e9 fundamental para o funcionamento ininterrupto do sal\u00e3o.<\/p>\n\n\n\n<blockquote class=\"wp-block-quote is-layout-flow wp-block-quote-is-layout-flow\">\n<p>Nota: Verifique sempre os termos da garantia e as avalia\u00e7\u00f5es do servi\u00e7o de assist\u00eancia antes de efetuar uma compra, para proteger o seu investimento.<\/p>\n<\/blockquote>\n\n\n\n<p>Ao terem em conta estes fatores essenciais, os cabeleireiros e os propriet\u00e1rios de sal\u00f5es de beleza podem escolher com confian\u00e7a o secador de cabelo adequado que satisfa\u00e7a os seus requisitos em termos de desempenho, conforto e or\u00e7amento.<\/p>\n\n\n\n<h2 class=\"wp-block-heading\" >Escolha o secador de sal\u00e3o adequado ao seu tipo de cabelo<\/h2>\n\n\n\n<figure class=\"wp-block-image aligncenter size-large\"><img loading=\"lazy\" decoding=\"async\" width=\"1200\" height=\"675\" src=\"https:\/\/songyehairtools.com\/wp-content\/uploads\/2026\/06\/4df4adbe80554e1385ad5e0ab7da55d2.webp\" alt=\"Escolha o secador de sal\u00e3o adequado ao seu tipo de cabelo\" class=\"wp-image-2107\" title=\"\" srcset=\"https:\/\/songyehairtools.com\/wp-content\/uploads\/2026\/06\/4df4adbe80554e1385ad5e0ab7da55d2.webp 1200w, https:\/\/songyehairtools.com\/wp-content\/uploads\/2026\/06\/4df4adbe80554e1385ad5e0ab7da55d2-300x169.webp 300w, https:\/\/songyehairtools.com\/wp-content\/uploads\/2026\/06\/4df4adbe80554e1385ad5e0ab7da55d2-1024x576.webp 1024w, https:\/\/songyehairtools.com\/wp-content\/uploads\/2026\/06\/4df4adbe80554e1385ad5e0ab7da55d2-768x432.webp 768w, https:\/\/songyehairtools.com\/wp-content\/uploads\/2026\/06\/4df4adbe80554e1385ad5e0ab7da55d2-18x10.webp 18w, https:\/\/songyehairtools.com\/wp-content\/uploads\/2026\/06\/4df4adbe80554e1385ad5e0ab7da55d2-600x338.webp 600w\" sizes=\"(max-width: 1200px) 100vw, 1200px\" \/><\/figure>\n\n\n\n<h3 class=\"wp-block-heading\" >Por que \u00e9 importante conhecer o tipo de cabelo<\/h3>\n\n\n\n<p>A escolha de um secador de cabelo de sal\u00e3o adequado ao tipo de cabelo do cliente garante resultados \u00f3timos e protege a sa\u00fade do cabelo. O tipo de cabelo influencia a forma como o calor e o fluxo de ar interagem com os fios, o que afeta tanto a efici\u00eancia da secagem como o penteado final. Os cabeleireiros profissionais avaliam sempre a textura, a densidade e o estado do cabelo antes de recomendarem um secador.<\/p>\n\n\n\n<h4 class=\"wp-block-heading\" >Impacto no tempo de secagem<\/h4>\n\n\n\n<p>O tempo de secagem varia significativamente consoante o tipo de cabelo. O cabelo fino seca rapidamente e requer menos calor, enquanto o cabelo espesso ou crespo necessita de mais pot\u00eancia e fluxo de ar para remover a humidade de forma eficiente. A utiliza\u00e7\u00e3o do secador errado pode levar a uma exposi\u00e7\u00e3o excessiva ao calor ou a sess\u00f5es de secagem prolongadas, aumentando o risco de danos ou de resultados insatisfat\u00f3rios.<\/p>\n\n\n\n<ul class=\"wp-block-list\">\n\n<li>O cabelo fino requer uma temperatura mais baixa para evitar danos.<\/li>\n<li>O cabelo espesso precisa de mais pot\u00eancia para uma secagem eficaz.<\/li>\n<li>Diferentes tipos de cabelo, como o cabelo fino e encaracolado ou o cabelo espesso e encaracolado, t\u00eam <a href=\"https:\/\/keller4salon.com\/blogs\/keller-international-blog\/how-to-choose-the-best-salon-dryer-for-different-hair-types\" rel=\"nofollow noopener\" target=\"_blank\">necessidades espec\u00edficas<\/a> que influenciam a escolha da m\u00e1quina de secar roupa.<\/li>\n\n<\/ul>\n\n\n\n<p>Os cabeleireiros que escolhem o secador de sal\u00e3o adequado para cada tipo de cabelo podem reduzir o tempo de secagem e minimizar o desgaste do cabelo.<\/p>\n\n\n\n<h4 class=\"wp-block-heading\" >Efeito nos resultados do penteado<\/h4>\n\n\n\n<p>A tecnologia e os acess\u00f3rios adequados do secador ajudam a obter o acabamento desejado. Por exemplo, a tecnologia i\u00f4nica reduz o frizz no cabelo encaracolado, enquanto os secadores de cer\u00e2mica ou turmalina protegem o cabelo fino ou danificado do impacto do calor. A escolha do secador tem um impacto direto no brilho, na suavidade e na durabilidade geral do penteado.<\/p>\n\n\n\n<blockquote class=\"wp-block-quote is-layout-flow wp-block-quote-is-layout-flow\">\n<p>Nota: Escolher o secador adequado ao tipo de cabelo n\u00e3o s\u00f3 melhora os resultados do penteado, como tamb\u00e9m preserva a integridade do cabelo ao longo do tempo.<\/p>\n<\/blockquote>\n\n\n\n<h3 class=\"wp-block-heading\" >Identificar o seu tipo de cabelo<\/h3>\n\n\n\n<p>Compreender o tipo de cabelo \u00e9 o primeiro passo para escolher o secador de sal\u00e3o certo. Os cabeleireiros classificam o cabelo com base na textura, espessura e tipo de ondula\u00e7\u00e3o. A tabela abaixo resume <a href=\"https:\/\/mera.life\/blogs\/our-journal\/what-hair-dryer-do-the-professionals-use\" rel=\"nofollow noopener\" target=\"_blank\">funcionalidades recomendadas<\/a> para cada categoria:<\/p>\n\n\n\n<figure class=\"wp-block-table\">\n<table class=\"has-fixed-layout\">\n\n<thead>\n<tr><th>Tipo de Cabelo<\/th><th>Funcionalidades recomendadas<\/th><\/tr>\n<\/thead>\n<tbody>\n<tr><td>Em bom estado ou danificado<\/td><td>V\u00e1rias configura\u00e7\u00f5es de calor, prote\u00e7\u00e3o contra sobreaquecimento, tecnologia de cer\u00e2mica ou turmalina<\/td><\/tr>\n<tr><td>Espesso ou \u00e1spero<\/td><td>Pot\u00eancia mais elevada (1800 W ou mais), fluxo de ar potente sem calor excessivo<\/td><\/tr>\n<tr><td>Cacheado<\/td><td>Acess\u00f3rios difusores, tecnologia i\u00f4nica para reduzir o frizz<\/td><\/tr>\n<\/tbody>\n\n<\/table>\n<\/figure>\n\n\n\n<h4 class=\"wp-block-heading\" >Cabelos Lisos<\/h4>\n\n\n\n<p>O cabelo liso tem um aspeto suave e reflete facilmente a luz. Muitas vezes, carece de volume e pode ficar oleoso rapidamente. Este tipo de cabelo beneficia da utiliza\u00e7\u00e3o de secadores leves, com v\u00e1rias configura\u00e7\u00f5es de calor e tecnologia cer\u00e2mica. O calor mais baixo evita danos e mant\u00e9m o brilho.<\/p>\n\n\n\n<h4 class=\"wp-block-heading\" >Cabelo Ondulado<\/h4>\n\n\n\n<p>O cabelo ondulado apresenta curvas suaves ou padr\u00f5es soltos em forma de S. Tem tend\u00eancia a ficar frisado e requer um equil\u00edbrio entre o calor e o fluxo de ar. Um secador com temperatura regul\u00e1vel e um difusor ajuda a definir as ondas e a controlar o frizz.<\/p>\n\n\n\n<h4 class=\"wp-block-heading\" >Cabelos Cacheados<\/h4>\n\n\n\n<p>O cabelo encaracolado apresenta carac\u00f3is ou espirais bem definidos. \u00c9 propenso ao ressecamento e ao frizz. A tecnologia i\u00f4nica e os difusores s\u00e3o as melhores op\u00e7\u00f5es para este tipo de cabelo. Estas caracter\u00edsticas ajudam a reter a hidrata\u00e7\u00e3o e a real\u00e7ar a defini\u00e7\u00e3o dos carac\u00f3is.<\/p>\n\n\n\n<h4 class=\"wp-block-heading\" >Cabelo Crespo<\/h4>\n\n\n\n<p>O cabelo crespo apresenta carac\u00f3is apertados ou um padr\u00e3o em ziguezague. \u00c9 o tipo de cabelo mais fr\u00e1gil e costuma encolher. Secadores de alta pot\u00eancia com pentes incorporados e v\u00e1rias velocidades permitem uma secagem eficaz e esticam os carac\u00f3is sem causar quebra.<\/p>\n\n\n\n<blockquote class=\"wp-block-quote is-layout-flow wp-block-quote-is-layout-flow\">\n<p>Dica: Os cabeleireiros devem sempre avaliar o tipo de cabelo antes de recomendar um secador, para garantir os melhores resultados para cada cliente.<\/p>\n<\/blockquote>\n\n\n\n<h2 class=\"wp-block-heading\" >Caracter\u00edsticas essenciais a ter em conta<\/h2>\n\n\n\n<h3 class=\"wp-block-heading\" >Configura\u00e7\u00f5es de Calor e Velocidade<\/h3>\n\n\n\n<h4 class=\"wp-block-heading\" >Temperatura ajust\u00e1vel<\/h4>\n\n\n\n<p>Os secadores de cabelo modernos para sal\u00f5es oferecem <a href=\"https:\/\/in.dreametech.com\/blogs\/blog\/low-heat-vs-high-heat-how-to-dry-hair-without-damage\" rel=\"nofollow noopener\" target=\"_blank\">controlos de temperatura regul\u00e1veis<\/a>. Esta funcionalidade permite aos cabeleireiros ajustar os n\u00edveis de calor ao tipo e estado de cabelo de cada cliente. As configura\u00e7\u00f5es de calor baixo ajudam a manter a hidrata\u00e7\u00e3o e a reduzir os danos a longo prazo, especialmente em cabelos secos, tratados quimicamente ou normais. As configura\u00e7\u00f5es de calor alto proporcionam um penteado r\u00e1pido para cabelos espessos ou crespos. Os profissionais recomendam combinar o calor alto com protetores t\u00e9rmicos para evitar danos. A tecnologia de controlo inteligente do calor minimiza ainda mais o risco de sobreaquecimento e garante resultados consistentes.<\/p>\n\n\n\n<h4 class=\"wp-block-heading\" >V\u00e1rias op\u00e7\u00f5es de velocidade<\/h4>\n\n\n\n<p>As v\u00e1rias configura\u00e7\u00f5es de velocidade aumentam a versatilidade de um secador de sal\u00e3o. O fluxo de ar a alta velocidade permite uma secagem r\u00e1pida, o que \u00e9 essencial em ambientes de sal\u00e3o com muito movimento. As velocidades mais baixas permitem um penteado de precis\u00e3o e os retoques finais. Muitos cabeleireiros utilizam a alta velocidade para a secagem inicial e mudam para uma configura\u00e7\u00e3o mais baixa para aperfei\u00e7oar o look final. Esta flexibilidade ajuda a prevenir danos causados pelo calor e permite uma variedade de resultados de penteados.<\/p>\n\n\n\n<blockquote class=\"wp-block-quote is-layout-flow wp-block-quote-is-layout-flow\">\n<p>Dica: As configura\u00e7\u00f5es ajust\u00e1veis de temperatura e velocidade proporcionam aos cabeleireiros o controlo necess\u00e1rio para proteger a sa\u00fade do cabelo e obter resultados profissionais.<\/p>\n<\/blockquote>\n\n\n\n<h3 class=\"wp-block-heading\" >Tipos de tecnologia<\/h3>\n\n\n\n<h4 class=\"wp-block-heading\" >Tecnologia I\u00f4nica<\/h4>\n\n\n\n<p><a href=\"https:\/\/aeno.com\/blog\/hair-dryer-types-the-difference-between-hair-dryers\/\" rel=\"nofollow noopener\" target=\"_blank\">Os secadores de cabelo i\u00f4nicos emitem i\u00f5es negativos<\/a> que decomp\u00f5em as mol\u00e9culas de \u00e1gua, acelerando o tempo de secagem. Esta tecnologia reduz o frizz e sela a cut\u00edcula do cabelo, resultando num acabamento mais suave. <a href=\"https:\/\/keller4salon.com\/blogs\/keller-international-blog\/how-to-choose-the-best-salon-dryer-for-different-hair-types\" rel=\"nofollow noopener\" target=\"_blank\">Os secadores i\u00f4nicos funcionam especialmente bem em cabelos espessos<\/a>, cabelo encaracolado ou poroso, em que o controlo do frizz e o brilho s\u00e3o prioridades.<\/p>\n\n\n\n<h4 class=\"wp-block-heading\" >Cer\u00e2mica e turmalina<\/h4>\n\n\n\n<p><a href=\"https:\/\/songyehairtools.com\/pt\/blog\/melhor-secador-para-cabelos-finos\/\">Os secadores de cer\u00e2mica distribuem o calor de forma uniforme<\/a> distribui\u00e7\u00e3o e regula\u00e7\u00e3o da temperatura para evitar pontos de calor e minimizar os danos. S\u00e3o adequados para todos os tipos de cabelo, mas destacam-se no cabelo fino ou danificado devido ao seu calor suave. Os secadores de turmalina combinam i\u00f5es negativos e calor infravermelho, proporcionando uma secagem r\u00e1pida, controlo m\u00e1ximo do frizz e um brilho saud\u00e1vel. Estes secadores t\u00eam um bom desempenho em todos os tipos de cabelo, especialmente quando se pretende uma secagem r\u00e1pida e maior suavidade.<\/p>\n\n\n\n<figure class=\"wp-block-table\">\n<table class=\"has-fixed-layout\">\n\n<thead>\n<tr><th>Tecnologia<\/th><th>Mecanismo Principal<\/th><th>Principal Benef\u00edcio<\/th><th>Melhor Para<\/th><\/tr>\n<\/thead>\n<tbody>\n<tr><td>I\u00f3nica<\/td><td>I\u00f5es negativos<\/td><td>Secagem mais r\u00e1pida, redu\u00e7\u00e3o do frizz, brilho<\/td><td>A maioria dos tipos de cabelo, especialmente os cabelos grossos ou crespos<\/td><\/tr>\n<tr><td>Cer\u00e2mica<\/td><td>Calor uniforme<\/td><td>Calor suave e menos agressivo<\/td><td>Cabelo fino, delicado ou danificado<\/td><\/tr>\n<tr><td>Turmalina<\/td><td>I\u00f5es negativos + calor infravermelho<\/td><td>M\u00e1ximo controlo do frizz, secagem mais r\u00e1pida<\/td><td>Para todos os tipos de cabelo, especialmente para uma secagem r\u00e1pida<\/td><\/tr>\n<\/tbody>\n\n<\/table>\n<\/figure>\n\n\n\n<h3 class=\"wp-block-heading\" >Acess\u00f3rios e Pe\u00e7as Adicionais<\/h3>\n\n\n\n<h4 class=\"wp-block-heading\" >Difusores<\/h4>\n\n\n\n<p><a href=\"https:\/\/www.dryspike.com\/blogs\/hair-talk\/the-best-attachment-for-a-blow-dryer\" rel=\"nofollow noopener\" target=\"_blank\">Os difusores distribuem o ar uniformemente<\/a>, real\u00e7ando os carac\u00f3is e minimizando o frizz. Ajudam a manter a forma natural dos carac\u00f3is e das ondas, tornando-os indispens\u00e1veis para cabelos com textura.<\/p>\n\n\n\n<h4 class=\"wp-block-heading\" >Concentradores<\/h4>\n\n\n\n<p>Os concentradores direcionam o fluxo de ar para um penteado preciso. Os concentradores estreitos proporcionam um acabamento elegante em cabelos lisos ou finos. Os concentradores largos aceleram a secagem em cabelos espessos ou compridos. Ambos os tipos s\u00e3o essenciais para um trabalho eficiente no sal\u00e3o.<\/p>\n\n\n\n<h4 class=\"wp-block-heading\" >Sugest\u00f5es de estilo<\/h4>\n\n\n\n<p>Os acess\u00f3rios de penteado, tamb\u00e9m conhecidos como pentes de secagem, desembara\u00e7am o cabelo enquanto o secam. S\u00e3o ideais para cabelos grossos, encaracolados ou crespos, tornando o processo de secagem mais suave e conferindo brilho.<\/p>\n\n\n\n<h4 class=\"wp-block-heading\" >Acess\u00f3rios para pentes<\/h4>\n\n\n\n<p>Os acess\u00f3rios para pentes destinam-se a uma necessidade espec\u00edfica. Ajudam a desembara\u00e7ar e a esticar os carac\u00f3is dos tipos 3 e 4 e as texturas espessas, reduzindo a quebra e facilitando o penteado.<\/p>\n\n\n\n<h4 class=\"wp-block-heading\" >Bot\u00e3o de Jato Frio<\/h4>\n\n\n\n<p>O bot\u00e3o de jato de ar frio fixa os penteados atrav\u00e9s de uma rajada de ar frio. Esta funcionalidade mant\u00e9m o brilho e a suavidade, proporcionando um acabamento impec\u00e1vel para qualquer tipo de cabelo.<\/p>\n\n\n\n<blockquote class=\"wp-block-quote is-layout-flow wp-block-quote-is-layout-flow\">\n<p>Nota: A combina\u00e7\u00e3o certa de acess\u00f3rios aumenta a versatilidade de um secador de sal\u00e3o, permitindo que os cabeleireiros escolham a ferramenta adequada para cada cliente.<\/p>\n<\/blockquote>\n\n\n\n<h2 class=\"wp-block-heading\" >As melhores op\u00e7\u00f5es de secadores de cabelo de sal\u00e3o, por tipo de cabelo<\/h2>\n\n\n\n<h3 class=\"wp-block-heading\" >Secadores para cabelo liso<\/h3>\n\n\n\n<h4 class=\"wp-block-heading\" >Modelos Recomendados<\/h4>\n\n\n\n<p>Pesquisas recentes junto dos consumidores destacam v\u00e1rios secadores de cabelo de sal\u00e3o com as melhores avalia\u00e7\u00f5es para cabelos lisos. A tabela seguinte resume os <a href=\"https:\/\/songyehairtools.com\/pt\/blog\/best-professional-salon-hair-dryers-2026-top-performance\/\" rel=\"nofollow\">marcas l\u00edderes, o seu desempenho e a satisfa\u00e7\u00e3o dos utilizadores<\/a>:<\/p>\n\n\n\n<figure class=\"wp-block-table\">\n<table class=\"has-fixed-layout\">\n\n<thead>\n<tr><th>Marca<\/th><th>Desempenho<\/th><th>Satisfa\u00e7\u00e3o do Usu\u00e1rio<\/th><\/tr>\n<\/thead>\n<tbody>\n<tr><td>Dyson<\/td><td>Alta velocidade, silencioso<\/td><td>4.8<\/td><\/tr>\n<tr><td>L\u2019Or\u00e9al Professionnel<\/td><td>Leve, eficiente<\/td><td>4.7<\/td><\/tr>\n<tr><td>Shark<\/td><td>Bom custo-benef\u00edcio, secagem r\u00e1pida<\/td><td>4.6<\/td><\/tr>\n<tr><td>BaBylissPRO<\/td><td>Qualidade de sal\u00e3o, dur\u00e1vel<\/td><td>4.5<\/td><\/tr>\n<tr><td>Remington<\/td><td>Acess\u00edvel, simples<\/td><td>4.2<\/td><\/tr>\n<\/tbody>\n\n<\/table>\n<\/figure>\n\n\n\n<figure class=\"wp-block-image aligncenter size-large\"><img loading=\"lazy\" decoding=\"async\" width=\"1024\" height=\"768\" src=\"https:\/\/songyehairtools.com\/wp-content\/uploads\/2026\/06\/chart_1781139940919972725.webp\" alt=\"Gr\u00e1fico de barras que compara as classifica\u00e7\u00f5es de satisfa\u00e7\u00e3o dos utilizadores das principais marcas de secadores de cabelo\" class=\"wp-image-2108\" title=\"\" srcset=\"https:\/\/songyehairtools.com\/wp-content\/uploads\/2026\/06\/chart_1781139940919972725.webp 1024w, https:\/\/songyehairtools.com\/wp-content\/uploads\/2026\/06\/chart_1781139940919972725-300x225.webp 300w, https:\/\/songyehairtools.com\/wp-content\/uploads\/2026\/06\/chart_1781139940919972725-768x576.webp 768w, https:\/\/songyehairtools.com\/wp-content\/uploads\/2026\/06\/chart_1781139940919972725-16x12.webp 16w, https:\/\/songyehairtools.com\/wp-content\/uploads\/2026\/06\/chart_1781139940919972725-600x450.webp 600w\" sizes=\"(max-width: 1024px) 100vw, 1024px\" \/><\/figure>\n\n\n\n<h4 class=\"wp-block-heading\" >Caracter\u00edsticas-Chave para Priorizar<\/h4>\n\n\n\n<p>Os profissionais recomendam v\u00e1rias caracter\u00edsticas a ter em conta na escolha de um secador para cabelos lisos:<\/p>\n\n\n\n<ul class=\"wp-block-list\">\n\n<li>Altura e posicionamento ajust\u00e1veis para maior conforto do cliente e uma distribui\u00e7\u00e3o uniforme do calor.<\/li>\n<li><a href=\"https:\/\/salonprobeauty.com\/blogs\/news\/salon-standing-hair-dryer-brands\" rel=\"nofollow noopener\" target=\"_blank\">M\u00faltiplas configura\u00e7\u00f5es de calor e velocidade<\/a> para se adaptar a cabelos finos ou grossos.<\/li>\n<li>Temporizadores e fun\u00e7\u00f5es de desligamento autom\u00e1tico para maior seguran\u00e7a e comodidade.<\/li>\n<li>Tecnologia i\u00f4nica e motores de alta qualidade para reduzir o frizz e real\u00e7ar o brilho.<\/li>\n<li>Cap\u00f4 de grandes dimens\u00f5es e ampla cobertura do fluxo de ar para um penteado eficaz.<\/li>\n\n<\/ul>\n\n\n\n<blockquote class=\"wp-block-quote is-layout-flow wp-block-quote-is-layout-flow\">\n<p>Dica: Um secador com estas caracter\u00edsticas ajuda os cabeleireiros a obter resultados elegantes e sofisticados, ao mesmo tempo que protege a sa\u00fade do cabelo.<\/p>\n<\/blockquote>\n\n\n\n<h3 class=\"wp-block-heading\" >Secadores para cabelos ondulados<\/h3>\n\n\n\n<h4 class=\"wp-block-heading\" >Modelos Recomendados<\/h4>\n\n\n\n<p>Os especialistas identificam v\u00e1rios penteados de refer\u00eancia para cabelos ondulados:<\/p>\n\n\n\n<ul class=\"wp-block-list\">\n\n<li><a href=\"https:\/\/songyehairtools.com\/pt\/blog\/secadores-de-cabelo-recomendados-por-estilistas-profissionais\/\" rel=\"nofollow\">O Shark HyperAIR oferece difusores avan\u00e7ados<\/a> e op\u00e7\u00f5es personaliz\u00e1veis que <a href=\"https:\/\/site.ntesmail.com\/s815871dfddc942\/news\/Top-Hair-Dryers-for-Curly-Hair-2026-Guide.html\" rel=\"nofollow noopener\" target=\"_blank\">melhorar a defini\u00e7\u00e3o dos carac\u00f3is<\/a> e minimizar o frizz.<\/li>\n<li>O secador italiano Falco da BaBylissPRO oferece configura\u00e7\u00f5es de baixa velocidade e temperatura, com um difusor bem concebido para definir as ondas e reduzir o cabelo rebelde.<\/li>\n\n<\/ul>\n\n\n\n<p>Um difusor de qualidade superior continua a ser essencial para cabelos ondulados. Este difusor dispersa o fluxo de ar suavemente, real\u00e7a as ondula\u00e7\u00f5es naturais e evita o frizz.<\/p>\n\n\n\n<h4 class=\"wp-block-heading\" >Caracter\u00edsticas-Chave para Priorizar<\/h4>\n\n\n\n<p>Os difusores desempenham um papel fundamental na modelagem do cabelo ondulado. A tecnologia i\u00f4nica neutraliza a est\u00e1tica e reduz o frizz. As v\u00e1rias configura\u00e7\u00f5es de temperatura e velocidade permitem uma personaliza\u00e7\u00e3o adequada a diferentes texturas. O design ergon\u00f3mico e leve reduz a fadiga do bra\u00e7o durante sess\u00f5es prolongadas. Um bot\u00e3o de jato de ar frio ajuda a fixar os penteados e a manter a sa\u00fade do cabelo.<\/p>\n\n\n\n<ul class=\"wp-block-list\">\n\n<li>Acess\u00f3rios difusores para definir os carac\u00f3is e controlar o frizz.<\/li>\n<li>Tecnologia i\u00f4nica para um alisamento suave.<\/li>\n<li>V\u00e1rias op\u00e7\u00f5es de temperatura e velocidade para maior versatilidade.<\/li>\n<li>Design ergon\u00f3mico para maior conforto.<\/li>\n\n<\/ul>\n\n\n\n<h3 class=\"wp-block-heading\" >Secadores para cabelo encaracolado<\/h3>\n\n\n\n<h4 class=\"wp-block-heading\" >Modelos Recomendados<\/h4>\n\n\n\n<p>Os cabeleireiros profissionais recomendam os seguintes secadores para cabelos encaracolados:<\/p>\n\n\n\n<ul class=\"wp-block-list\">\n\n<li><a href=\"https:\/\/songyehairtools.com\/pt\/blog\/best-brands-of-blow-dryers-for-curly-hair-with-diffuser\/\" rel=\"nofollow\">Caracter\u00edsticas do Bellissima Diffon Supreme Ionic XL<\/a> um difusor extragrande, tecnologia i\u00f4nica e v\u00e1rias configura\u00e7\u00f5es para proteger os carac\u00f3is.<\/li>\n<li>O DevaDryer com DevaFuser reduz o tempo de secagem e real\u00e7a a defini\u00e7\u00e3o dos carac\u00f3is, gra\u00e7as ao seu design ergon\u00f3mico e leve.<\/li>\n<li>Os secadores de cabelo BaBylissPRO proporcionam resultados com qualidade de sal\u00e3o de beleza gra\u00e7as \u00e0 tecnologia i\u00f4nica e aos componentes de nanotit\u00e2nio.<\/li>\n<li>O secador profissional Turbo da Hot Tools inclui um motor potente e um difusor para preservar os cachos.<\/li>\n<li>O secador de cabelo profissional ghd Helios oferece secagem r\u00e1pida, fluxo de ar avan\u00e7ado e um difusor para carac\u00f3is naturais.<\/li>\n<li>O secador de cabelo Curlsmith inclui um difusor XXL para carac\u00f3is longos ou volumosos.<\/li>\n\n<\/ul>\n\n\n\n<h4 class=\"wp-block-heading\" >Caracter\u00edsticas-Chave para Priorizar<\/h4>\n\n\n\n<p>O cabelo encaracolado beneficia da tecnologia i\u00f4nica alternada flex\u00edvel, que reduz a est\u00e1tica e o frizz. Um difusor patenteado com formato de m\u00e3o melhora a forma\u00e7\u00e3o dos carac\u00f3is e minimiza os danos causados pelo calor. O fluxo de ar de 360 graus garante uma secagem uniforme. Um n\u00facleo cer\u00e2mico protege a hidrata\u00e7\u00e3o e evita pontos de calor excessivo. As v\u00e1rias configura\u00e7\u00f5es de temperatura e velocidades do motor permitem aos cabeleireiros personalizar a secagem para cada tipo de caracol.<\/p>\n\n\n\n<blockquote class=\"wp-block-quote is-layout-flow wp-block-quote-is-layout-flow\">\n<p>Nota: Os cabeleireiros que escolhem o secador de sal\u00e3o adequado para cabelos encaracolados conseguem obter carac\u00f3is definidos e saud\u00e1veis, com menos frizz e quebra.<\/p>\n<\/blockquote>\n\n\n\n<h3 class=\"wp-block-heading\" >Secadores para cabelos crespos<\/h3>\n\n\n\n<h4 class=\"wp-block-heading\" >Modelos Recomendados<\/h4>\n\n\n\n<p>Os especialistas em cuidados capilares reconhecem que o cabelo crespo requer ferramentas especializadas para obter os melhores resultados. O secador de cabelo de sal\u00e3o adequado pode transformar o processo de secagem e penteado para clientes com carac\u00f3is apertados. Os profissionais recomendam frequentemente os seguintes modelos pela sua efic\u00e1cia e fiabilidade:<\/p>\n\n\n\n<ul class=\"wp-block-list\">\n\n<li><a href=\"https:\/\/site.ntesmail.com\/s815871dfddc942\/news\/Top-Hair-Dryers-for-Curly-Hair-2026-Guide.html\" rel=\"nofollow noopener\" target=\"_blank\"><strong>Shark HyperAIR<\/strong><\/a>: Este secador possui um difusor avan\u00e7ado e configura\u00e7\u00f5es personaliz\u00e1veis. Define os carac\u00f3is e minimiza os fios rebeldes, tornando-o um dos favoritos entre os cabeleireiros que trabalham com cabelos crespos.<\/li>\n<li><strong>BaBylissPRO Falco Italiano<\/strong>: Este modelo disp\u00f5e de configura\u00e7\u00f5es de baixa velocidade e de calor. O seu difusor bem concebido garante uma secagem suave, protegendo os cachos delicados do calor excessivo.<\/li>\n\n<\/ul>\n\n\n\n<p>Estes secadores proporcionam sempre resultados com qualidade de sal\u00e3o para cabelos crespos. Ajudam os cabeleireiros a obter carac\u00f3is definidos e cheios de movimento, mantendo a sa\u00fade do cabelo.<\/p>\n\n\n\n<h4 class=\"wp-block-heading\" >Caracter\u00edsticas-Chave para Priorizar<\/h4>\n\n\n\n<p>A escolha das caracter\u00edsticas certas garante que um secador de cabelo de sal\u00e3o satisfa\u00e7a as necessidades espec\u00edficas do cabelo crespo. A tabela seguinte destaca as caracter\u00edsticas essenciais e os seus benef\u00edcios:<\/p>\n\n\n\n<figure class=\"wp-block-table\">\n<table class=\"has-fixed-layout\">\n\n<thead>\n<tr><th>Caracter\u00edstica<\/th><th>Benef\u00edcio<\/th><\/tr>\n<\/thead>\n<tbody>\n<tr><td>Tecnologia I\u00f4nica Alternada Flex\u00edvel<\/td><td>Reduz a est\u00e1tica e o frizz, resultando em carac\u00f3is mais suaves.<\/td><\/tr>\n<tr><td>Difusor patenteado em forma de m\u00e3o<\/td><td>Envolve os carac\u00f3is de forma eficaz, minimizando os danos causados pelo calor.<\/td><\/tr>\n<tr><td>Fluxo de ar de 360 graus<\/td><td>Garante uma secagem completa e minimiza os pontos de sobreaquecimento.<\/td><\/tr>\n<tr><td>N\u00facleo cer\u00e2mico<\/td><td>Protege o cabelo dos danos causados pelo calor e mant\u00e9m a hidrata\u00e7\u00e3o.<\/td><\/tr>\n<tr><td>V\u00e1rias configura\u00e7\u00f5es de temperatura<\/td><td>Permite a personaliza\u00e7\u00e3o de acordo com o tipo de carac\u00f3is e as necessidades de penteado.<\/td><\/tr>\n<\/tbody>\n\n<\/table>\n<\/figure>\n\n\n\n<p>Os cabeleireiros devem procurar secadores que combinem estas caracter\u00edsticas. A tecnologia i\u00f4nica alternada e flex\u00edvel alisa a cut\u00edcula do cabelo e reduz o frizz. Um difusor patenteado com formato de m\u00e3o envolve cada bobina, distribuindo o calor uniformemente e evitando danos. O fluxo de ar de 360 graus garante que cada mecha seque completamente, o que elimina pontos de calor excessivo e resultados desiguais. Um n\u00facleo cer\u00e2mico mant\u00e9m a hidrata\u00e7\u00e3o e protege o cabelo do calor excessivo. V\u00e1rias configura\u00e7\u00f5es de temperatura d\u00e3o aos cabeleireiros controlo sobre o processo de secagem, permitindo-lhes personalizar a experi\u00eancia para cada cliente.<\/p>\n\n\n\n<blockquote class=\"wp-block-quote is-layout-flow wp-block-quote-is-layout-flow\">\n<p>Dica r\u00e1pida: Os secadores com estas funcionalidades costumam secar o cabelo encaracolado em <a href=\"https:\/\/stylerule.com\/blogs\/news\/the-best-devacurl-hair-dryer-a-game-changer-for-curly-hair-care\" rel=\"nofollow noopener\" target=\"_blank\">menos de 10 minutos<\/a>, poupando tempo e reduzindo a exposi\u00e7\u00e3o ao calor.<\/p>\n<\/blockquote>\n\n\n\n<p>Outras vantagens de escolher o secador de sal\u00e3o adequado para cabelos crespos incluem:<\/p>\n\n\n\n<ul class=\"wp-block-list\">\n\n<li>Conseguir carac\u00f3is cheios de vida e bem definidos que duram o dia todo.<\/li>\n<li>Reduz o frizz e confere um brilho vis\u00edvel a cada fio.<\/li>\n<li>Proporciona resultados com qualidade de sal\u00e3o, mesmo para penteados feitos em casa.<\/li>\n<li>Melhora o volume e a textura, real\u00e7ando a beleza natural do cabelo crespo.<\/li>\n\n<\/ul>\n\n\n\n<p>Os cabeleireiros que d\u00e3o prioridade a estas caracter\u00edsticas podem oferecer resultados superiores aos clientes com cabelo encaracolado. O secador certo n\u00e3o s\u00f3 acelera o processo como tamb\u00e9m preserva a integridade e o brilho de cada caracol.<\/p>\n\n\n\n<h2 class=\"wp-block-heading\" >Dicas para escolher o secador de cabelo certo para o sal\u00e3o<\/h2>\n\n\n\n<h3 class=\"wp-block-heading\" >Comparar marcas e avalia\u00e7\u00f5es<\/h3>\n\n\n\n<h4 class=\"wp-block-heading\" >Marcas de sal\u00f5es de beleza de confian\u00e7a<\/h4>\n\n\n\n<p>Selecionar um <a href=\"https:\/\/songyehairtools.com\/pt\/blog\/top-salon-hair-dryer-brands-and-models-professional-comparison\/\">marca de renome<\/a> continua a ser uma das formas mais fi\u00e1veis de garantir qualidade e desempenho num secador de cabelo de sal\u00e3o. Os pr\u00e9mios e reconhecimentos do setor destacam frequentemente as marcas que oferecem resultados profissionais de forma consistente. Muitos cabeleireiros confiam nas seguintes marcas devido ao seu historial comprovado:<\/p>\n\n\n\n<ul class=\"wp-block-list\">\n\n<li>GHD: Esta marca goza de uma s\u00f3lida reputa\u00e7\u00e3o no setor dos cuidados capilares profissionais. Os produtos GHD, como o secador de cabelo Helios Professional, receberam in\u00fameros pr\u00e9mios do setor. A GHD mant\u00e9m uma presen\u00e7a em aproximadamente <a href=\"https:\/\/www.hairstormbeauty.com\/info\/top-10-hair-dryer-manufacturers-in-the-world-103499592.html\" rel=\"nofollow noopener\" target=\"_blank\">50 000 sal\u00f5es<\/a> em todo o mundo, o que demonstra a sua ampla aceita\u00e7\u00e3o e fiabilidade.<\/li>\n<li>Dyson: Conhecida pela sua tecnologia inovadora, a Dyson destaca-se no mercado de gama alta. Muitos profissionais apreciam os secadores Dyson pela sua engenharia avan\u00e7ada e desempenho consistente.<\/li>\n\n<\/ul>\n\n\n\n<p>Estas marcas definem o padr\u00e3o para ferramentas com qualidade de sal\u00e3o. Os cabeleireiros que d\u00e3o prioridade a marcas de confian\u00e7a costumam ter menos avarias e um melhor retorno a longo prazo.<\/p>\n\n\n\n<h4 class=\"wp-block-heading\" >Coment\u00e1rios e avalia\u00e7\u00f5es dos utilizadores<\/h4>\n\n\n\n<p>As avalia\u00e7\u00f5es e classifica\u00e7\u00f5es dos utilizadores fornecem informa\u00e7\u00f5es valiosas sobre o desempenho na pr\u00e1tica. Os cabeleireiros e os propriet\u00e1rios de sal\u00f5es de beleza partilham frequentemente as suas experi\u00eancias online, destacando tanto os pontos fortes como os pontos fracos de modelos espec\u00edficos. Ao procurar um novo secador, tenha em conta o seguinte:<\/p>\n\n\n\n<figure class=\"wp-block-table\">\n<table class=\"has-fixed-layout\">\n\n<thead>\n<tr><th>Fonte da cr\u00edtica<\/th><th>O que procurar<\/th><\/tr>\n<\/thead>\n<tbody>\n<tr><td>F\u00f3runs do sal\u00e3o<\/td><td>Opini\u00f5es e compara\u00e7\u00f5es de especialistas<\/td><\/tr>\n<tr><td>Sites de com\u00e9rcio eletr\u00f3nico<\/td><td>Coment\u00e1rios e avalia\u00e7\u00f5es de compradores verificados<\/td><\/tr>\n<tr><td>Redes sociais<\/td><td>Experi\u00eancias e dicas aut\u00eanticas dos utilizadores<\/td><\/tr>\n<\/tbody>\n\n<\/table>\n<\/figure>\n\n\n\n<blockquote class=\"wp-block-quote is-layout-flow wp-block-quote-is-layout-flow\">\n<p>Dica: Avalia\u00e7\u00f5es consistentemente elevadas e coment\u00e1rios positivos em v\u00e1rias plataformas costumam indicar que se trata de um produto fi\u00e1vel.<\/p>\n<\/blockquote>\n\n\n\n<h3 class=\"wp-block-heading\" >Experimente antes de comprar<\/h3>\n\n\n\n<h4 class=\"wp-block-heading\" >Testes no sal\u00e3o<\/h4>\n\n\n\n<p>Testar um secador de cabelo num ambiente de sal\u00e3o permite aos cabeleireiros avaliar em primeira m\u00e3o o conforto, o peso e o desempenho do aparelho. Muitas lojas de produtos de beleza e distribuidores disponibilizam unidades de demonstra\u00e7\u00e3o para testes profissionais. Esta abordagem pr\u00e1tica ajuda os cabeleireiros a determinar se o secador satisfaz as suas necessidades espec\u00edficas e se integra perfeitamente no seu fluxo de trabalho.<\/p>\n\n\n\n<ul class=\"wp-block-list\">\n\n<li>Avalie a ergonomia e o equil\u00edbrio do secador.<\/li>\n<li>Experimente diferentes configura\u00e7\u00f5es de temperatura e velocidade em v\u00e1rios tipos de cabelo.<\/li>\n<li>Avaliar a efic\u00e1cia dos acess\u00f3rios, tais como difusores e concentradores.<\/li>\n\n<\/ul>\n\n\n\n<p>Os estilistas que experimentam os produtos antes de os comprar podem tomar decis\u00f5es mais informadas e evitar erros dispendiosos.<\/p>\n\n\n\n<h4 class=\"wp-block-heading\" >Pol\u00edticas de devolu\u00e7\u00e3o<\/h4>\n\n\n\n<p>Uma pol\u00edtica de devolu\u00e7\u00e3o flex\u00edvel proporciona tranquilidade ao investir num novo secador de sal\u00e3o. As marcas l\u00edderes e os revendedores de renome oferecem frequentemente per\u00edodos de teste ou garantias de satisfa\u00e7\u00e3o. Antes de efetuar uma compra, analise os detalhes da pol\u00edtica de devolu\u00e7\u00e3o:<\/p>\n\n\n\n<ul class=\"wp-block-list\">\n\n<li>Prazo para devolu\u00e7\u00e3o<\/li>\n<li>Condi\u00e7\u00f5es para devolu\u00e7\u00f5es ou trocas<\/li>\n<li>Taxas de reposi\u00e7\u00e3o ou custos de envio<\/li>\n\n<\/ul>\n\n\n\n<blockquote class=\"wp-block-quote is-layout-flow wp-block-quote-is-layout-flow\">\n<p>Nota: Uma pol\u00edtica de devolu\u00e7\u00e3o flex\u00edvel permite que os estilistas <a href=\"https:\/\/songyehairtools.com\/pt\/blog\/guia-para-escolher-o-secador-de-cabelo-ideal-para-suas-necessidades\/\">Escolha o secador de sal\u00e3o certo<\/a> com confian\u00e7a, sabendo que podem trocar ou devolver o produto caso este n\u00e3o corresponda \u00e0s suas expectativas.<\/p>\n<\/blockquote>\n\n\n\n<h2 class=\"wp-block-heading\" >Manuten\u00e7\u00e3o e Cuidados<\/h2>\n\n\n\n<figure class=\"wp-block-image aligncenter size-large\"><img loading=\"lazy\" decoding=\"async\" width=\"1200\" height=\"675\" src=\"https:\/\/songyehairtools.com\/wp-content\/uploads\/2026\/06\/37a8f9567dc340d58e827ccde73a09b8.webp\" alt=\"Manuten\u00e7\u00e3o e Cuidados\" class=\"wp-image-2109\" title=\"\" srcset=\"https:\/\/songyehairtools.com\/wp-content\/uploads\/2026\/06\/37a8f9567dc340d58e827ccde73a09b8.webp 1200w, https:\/\/songyehairtools.com\/wp-content\/uploads\/2026\/06\/37a8f9567dc340d58e827ccde73a09b8-300x169.webp 300w, https:\/\/songyehairtools.com\/wp-content\/uploads\/2026\/06\/37a8f9567dc340d58e827ccde73a09b8-1024x576.webp 1024w, https:\/\/songyehairtools.com\/wp-content\/uploads\/2026\/06\/37a8f9567dc340d58e827ccde73a09b8-768x432.webp 768w, https:\/\/songyehairtools.com\/wp-content\/uploads\/2026\/06\/37a8f9567dc340d58e827ccde73a09b8-18x10.webp 18w, https:\/\/songyehairtools.com\/wp-content\/uploads\/2026\/06\/37a8f9567dc340d58e827ccde73a09b8-600x338.webp 600w\" sizes=\"(max-width: 1200px) 100vw, 1200px\" \/><\/figure>\n\n\n\n<p><a href=\"https:\/\/songyehairtools.com\/ar\/%D8%A7%D9%84%D9%85%D8%AF%D9%88%D9%86%D8%A9\/how-to-maintain-hair-dryer-extend-life-quiet-hair-dryer\/\">Manuten\u00e7\u00e3o e cuidados adequados<\/a> prolongar a vida \u00fatil de qualquer secador de cabelo de sal\u00e3o. A limpeza regular e as pr\u00e1ticas corretas de armazenamento garantem um desempenho consistente e seguran\u00e7a. Os cabeleireiros que seguem estas orienta\u00e7\u00f5es protegem o seu investimento e proporcionam resultados fi\u00e1veis aos clientes.<\/p>\n\n\n\n<h3 class=\"wp-block-heading\" >Limpeza e manuten\u00e7\u00e3o<\/h3>\n\n\n\n<h4 class=\"wp-block-heading\" >Manuten\u00e7\u00e3o do filtro<\/h4>\n\n\n\n<p>Os secadores de cabelo acumulam p\u00f3, fiapos e res\u00edduos de produtos nos seus filtros. Os filtros entupidos reduzem o fluxo de ar e provocam sobreaquecimento. Os cabeleireiros devem limpar o filtro pelo menos uma vez por semana em sal\u00f5es com grande aflu\u00eancia.<\/p>\n\n\n\n<p><strong>Passos para a limpeza do filtro:<\/strong><\/p>\n\n\n\n<ol class=\"wp-block-list\" >\n\n<li>Desligue a secadora da tomada e deixe-a arrefecer.<\/li>\n<li>Retire a tampa do filtro, que normalmente se encontra na parte de tr\u00e1s.<\/li>\n<li>Use uma escova macia ou um aspirador pequeno para remover os res\u00edduos.<\/li>\n<li>Lave o filtro com \u00e1gua, se o fabricante o permitir.<\/li>\n<li>Seque bem o filtro antes de o voltar a colocar no lugar.<\/li>\n\n<\/ol>\n\n\n\n<blockquote class=\"wp-block-quote is-layout-flow wp-block-quote-is-layout-flow\">\n<p><strong>Dica:<\/strong> A limpeza regular do filtro evita o sobrecarregamento do motor e prolonga a vida \u00fatil da m\u00e1quina de secar roupa.<\/p>\n<\/blockquote>\n\n\n\n<h4 class=\"wp-block-heading\" >Cuidados com Acess\u00f3rios<\/h4>\n\n\n\n<p>Os acess\u00f3rios, como difusores e concentradores, acumulam res\u00edduos do produto e cabelos. Limpe os acess\u00f3rios ap\u00f3s cada utiliza\u00e7\u00e3o para garantir a higiene e o bom funcionamento.<\/p>\n\n\n\n<ul class=\"wp-block-list\">\n\n<li>Retire todos os acess\u00f3rios antes de limpar.<\/li>\n<li>Lave com sab\u00e3o neutro e \u00e1gua morna.<\/li>\n<li>Seque bem antes de voltar a colocar.<\/li>\n\n<\/ul>\n\n\n\n<p>Um acess\u00f3rio limpo garante um fluxo de ar uniforme e evita a transfer\u00eancia de res\u00edduos para o cabelo dos clientes.<\/p>\n\n\n\n<h3 class=\"wp-block-heading\" >Prolongar a vida \u00fatil da m\u00e1quina de secar roupa<\/h3>\n\n\n\n<h4 class=\"wp-block-heading\" >Armazenamento Adequado<\/h4>\n\n\n\n<p>O armazenamento correto protege o secador contra danos e desgaste. Os cabeleireiros devem evitar enrolar o cabo com muita for\u00e7a \u00e0 volta do cabo de manuseamento, pois isso pode causar a quebra dos fios internos.<\/p>\n\n\n\n<figure class=\"wp-block-table\">\n<table class=\"has-fixed-layout\">\n\n<thead>\n<tr><th>M\u00e9todo de armazenamento<\/th><th>Benef\u00edcio<\/th><\/tr>\n<\/thead>\n<tbody>\n<tr><td>Pendurado num gancho<\/td><td>Evita que o cabo se enrole<\/td><\/tr>\n<tr><td>Utiliza\u00e7\u00e3o de um tapete resistente ao calor<\/td><td>Protege as superf\u00edcies e a m\u00e1quina de secar<\/td><\/tr>\n<tr><td>Guardar numa gaveta sem p\u00f3<\/td><td>Reduz a acumula\u00e7\u00e3o de detritos<\/td><\/tr>\n<\/tbody>\n\n<\/table>\n<\/figure>\n\n\n\n<blockquote class=\"wp-block-quote is-layout-flow wp-block-quote-is-layout-flow\">\n<p><strong>Nota:<\/strong> Deixe sempre a m\u00e1quina de secar arrefecer antes de a guardar, para evitar danos causados pelo calor.<\/p>\n<\/blockquote>\n\n\n\n<h4 class=\"wp-block-heading\" >Evitando Erros Comuns<\/h4>\n\n\n\n<p>Muitos cabeleireiros encurtam a vida \u00fatil dos seus secadores ao cometerem erros que poderiam ser evitados. A lista seguinte destaca os erros mais frequentes e como evit\u00e1-los:<\/p>\n\n\n\n<ul class=\"wp-block-list\">\n\n<li>Utilizar a m\u00e1quina de secar com o filtro entupido<\/li>\n<li>Utiliza\u00e7\u00e3o de acess\u00f3rios n\u00e3o concebidos para o modelo<\/li>\n<li>Deixar cair a m\u00e1quina de secar ou exp\u00f4-la \u00e0 \u00e1gua<\/li>\n<li>Ignorar ru\u00eddos invulgares ou sobreaquecimento<\/li>\n\n<\/ul>\n\n\n\n<p>Os cabeleireiros que resolvem os problemas atempadamente e seguem as orienta\u00e7\u00f5es do fabricante beneficiam de equipamentos mais duradouros e seguros.<\/p>\n\n\n\n<blockquote class=\"wp-block-quote is-layout-flow wp-block-quote-is-layout-flow\">\n<p>Uma manuten\u00e7\u00e3o regular e uma utiliza\u00e7\u00e3o cuidadosa garantem que os secadores de cabelo do sal\u00e3o funcionem sempre no seu melhor, assegurando que cada cliente receba um servi\u00e7o de excel\u00eancia.<\/p>\n<\/blockquote>\n\n\n\n<hr class=\"wp-block-separator\" \/>\n\n\n\n<p>Para escolher o secador de cabelo de sal\u00e3o adequado, os profissionais devem avaliar o desempenho, o conforto e a rela\u00e7\u00e3o qualidade-pre\u00e7o. A escolha do secador adequado ao tipo de cabelo e \u00e0s necessidades de penteado garante resultados \u00f3timos. \u00c9 vantajoso dar prioridade \u00e0s funcionalidades essenciais e optar por marcas de confian\u00e7a. A manuten\u00e7\u00e3o regular mant\u00e9m o secador a funcionar no seu melhor e prolonga a sua vida \u00fatil.<\/p>\n\n\n\n<blockquote class=\"wp-block-quote is-layout-flow wp-block-quote-is-layout-flow\">\n<p>Cuidados consistentes e escolhas informadas ajudam os cabeleireiros a obter resultados excecionais para cada cliente.<\/p>\n<\/blockquote>\n\n\n\n<h2 class=\"wp-block-heading\" >Perguntas Frequentes<\/h2>\n\n\n\n<h3 class=\"wp-block-heading\" >Qual deve ser a pot\u00eancia de um secador de cabelo de sal\u00e3o?<\/h3>\n\n\n\n<p>Os cabeleireiros recomendam secadores com 1800 a 2000 watts para uso profissional. Uma pot\u00eancia mais elevada garante uma secagem mais r\u00e1pida e melhores resultados no penteado. Uma pot\u00eancia mais baixa \u00e9 adequada para uso dom\u00e9stico, mas pode atrasar o fluxo de trabalho num sal\u00e3o de cabeleireiro.<\/p>\n\n\n\n<h3 class=\"wp-block-heading\" >Com que frequ\u00eancia se deve limpar o filtro de um secador de cabelo de sal\u00e3o?<\/h3>\n\n\n\n<p>Nos sal\u00f5es com grande aflu\u00eancia, os profissionais limpam os filtros semanalmente. A manuten\u00e7\u00e3o regular evita o sobreaquecimento e prolonga a vida \u00fatil do secador. Siga sempre as instru\u00e7\u00f5es do fabricante para obter os melhores resultados.<\/p>\n\n\n\n<h3 class=\"wp-block-heading\" >Quais s\u00e3o os acess\u00f3rios mais adequados para cabelos encaracolados?<\/h3>\n\n\n\n<p>Os difusores e os pentes ajudam a definir os carac\u00f3is e a reduzir o frizz. Os cabeleireiros preferem os difusores pelo fluxo de ar uniforme e os pentes para desembara\u00e7ar cabelos crespos.<\/p>\n\n\n\n<h3 class=\"wp-block-heading\" >A tecnologia i\u00f4nica \u00e9 ben\u00e9fica para todos os tipos de cabelo?<\/h3>\n\n\n\n<p>A tecnologia i\u00f4nica reduz o frizz e acelera a secagem. O cabelo espesso, encaracolado ou com frizz \u00e9 o que mais beneficia com esta tecnologia. O cabelo fino pode necessitar de configura\u00e7\u00f5es mais baixas para evitar que fique achatado.<\/p>\n\n\n\n<h3 class=\"wp-block-heading\" >Como podem os cabeleireiros evitar a fadiga nos bra\u00e7os durante sess\u00f5es longas?<\/h3>\n\n\n\n<p>Os secadores leves com pegas ergon\u00f3micas reduzem o esfor\u00e7o. Os designs equilibrados e as t\u00e9cnicas de preens\u00e3o adequadas aumentam o conforto e permitem uma utiliza\u00e7\u00e3o prolongada.<\/p>\n\n\n\n<h3 class=\"wp-block-heading\" >Que caracter\u00edsticas indicam que uma marca de secadores de cabelo profissionais \u00e9 fi\u00e1vel?<\/h3>\n\n\n\n<p>As marcas de confian\u00e7a oferecem pot\u00eancias elevadas, v\u00e1rios n\u00edveis de aquecimento, uma constru\u00e7\u00e3o robusta e garantias de longa dura\u00e7\u00e3o. As avalia\u00e7\u00f5es dos utilizadores e os pr\u00e9mios do setor s\u00e3o ind\u00edcio de um desempenho consistente.<\/p>\n\n\n\n<h3 class=\"wp-block-heading\" >\u00c9 poss\u00edvel usar um secador de cabelo de sal\u00e3o em casa?<\/h3>\n\n\n\n<p>Os secadores de sal\u00e3o funcionam em casa, mas podem ser mais pesados e potentes. Os utilizadores dom\u00e9sticos devem optar por modelos com configura\u00e7\u00f5es ajust\u00e1veis, por raz\u00f5es de seguran\u00e7a e conforto.<\/p>\n\n\n\n<h3 class=\"wp-block-heading\" >De que forma o bot\u00e3o \u00abCool Shot\u00bb melhora o penteado?<\/h3>\n\n\n\n<p>O bot\u00e3o de ar frio fixa os penteados, selando a cut\u00edcula do cabelo. Os cabeleireiros utilizam-no para dar brilho e fixar o penteado final ap\u00f3s a secagem.<\/p>","protected":false},"excerpt":{"rendered":"<p>Escolha o secador de cabelo profissional adequado, tendo em conta as caracter\u00edsticas do seu tipo de cabelo, as suas necessidades de penteado e as exig\u00eancias di\u00e1rias do sal\u00e3o, para obter os melhores resultados e o m\u00e1ximo conforto.<\/p>","protected":false},"author":1,"featured_media":2104,"comment_status":"","ping_status":"","sticky":false,"template":"","format":"standard","meta":{"footnotes":""},"categories":[1],"tags":[],"class_list":["post-2110","post","type-post","status-publish","format-standard","has-post-thumbnail","hentry","category-uncategorized"],"_links":{"self":[{"href":"https:\/\/songyehairtools.com\/pt\/wp-json\/wp\/v2\/posts\/2110","targetHints":{"allow":["GET"]}}],"collection":[{"href":"https:\/\/songyehairtools.com\/pt\/wp-json\/wp\/v2\/posts"}],"about":[{"href":"https:\/\/songyehairtools.com\/pt\/wp-json\/wp\/v2\/types\/post"}],"author":[{"embeddable":true,"href":"https:\/\/songyehairtools.com\/pt\/wp-json\/wp\/v2\/users\/1"}],"replies":[{"embeddable":true,"href":"https:\/\/songyehairtools.com\/pt\/wp-json\/wp\/v2\/comments?post=2110"}],"version-history":[{"count":0,"href":"https:\/\/songyehairtools.com\/pt\/wp-json\/wp\/v2\/posts\/2110\/revisions"}],"wp:featuredmedia":[{"embeddable":true,"href":"https:\/\/songyehairtools.com\/pt\/wp-json\/wp\/v2\/media\/2104"}],"wp:attachment":[{"href":"https:\/\/songyehairtools.com\/pt\/wp-json\/wp\/v2\/media?parent=2110"}],"wp:term":[{"taxonomy":"category","embeddable":true,"href":"https:\/\/songyehairtools.com\/pt\/wp-json\/wp\/v2\/categories?post=2110"},{"taxonomy":"post_tag","embeddable":true,"href":"https:\/\/songyehairtools.com\/pt\/wp-json\/wp\/v2\/tags?post=2110"}],"curies":[{"name":"wp","href":"https:\/\/api.w.org\/{rel}","templated":true}]}}